{"id":4708,"date":"2026-09-06T12:06:26","date_gmt":"2026-09-06T10:06:26","guid":{"rendered":"https:\/\/pobladefarnals.com\/nl\/?p=4708"},"modified":"2026-09-06T12:07:01","modified_gmt":"2026-09-06T10:07:01","slug":"het-santo-caliz-van-valencia-de-heilige-kelk-die-aan-napoleon-ontsnapte","status":"publish","type":"post","link":"https:\/\/pobladefarnals.com\/nl\/het-santo-caliz-van-valencia-de-heilige-kelk-die-aan-napoleon-ontsnapte\/","title":{"rendered":"Het Santo C\u00e1liz van Valencia: de Heilige Kelk die aan Napoleon ontsnapte"},"content":{"rendered":"\n<section id=\"sv-santo-caliz-napoleon\">\n  <style>\n    #sv-santo-caliz-napoleon{\n      --sv-bg:#f8f6f1;\n      --sv-card:#ffffff;\n      --sv-text:#252525;\n      --sv-muted:#68645d;\n      --sv-gold:#9b762b;\n      --sv-dark:#342b21;\n      font-family:Arial, Helvetica, sans-serif;\n      background:var(--sv-bg);\n      color:var(--sv-text);\n      padding:40px 20px;\n      box-sizing:border-box;\n    }\n\n    #sv-santo-caliz-napoleon *{\n      box-sizing:border-box;\n    }\n\n    #sv-santo-caliz-napoleon .sv-container{\n      max-width:920px;\n      margin:0 auto;\n      background:var(--sv-card);\n      border-radius:16px;\n      overflow:hidden;\n      box-shadow:0 8px 28px rgba(0,0,0,.09);\n    }\n\n    #sv-santo-caliz-napoleon .sv-image{\n      margin:0;\n    }\n\n    #sv-santo-caliz-napoleon .sv-image img{\n      display:block;\n      width:100%;\n      height:auto;\n    }\n\n    #sv-santo-caliz-napoleon .sv-caption{\n      display:block;\n      padding:9px 18px;\n      background:#eee9df;\n      color:#666057;\n      font-size:12px;\n      line-height:1.5;\n    }\n\n    #sv-santo-caliz-napoleon .sv-content{\n      padding:38px 48px 45px;\n    }\n\n    #sv-santo-caliz-napoleon .sv-label{\n      display:inline-block;\n      margin:0 0 15px;\n      padding:7px 12px;\n      border-radius:20px;\n      background:var(--sv-gold);\n      color:#fff;\n      font-size:12px;\n      font-weight:700;\n      letter-spacing:.7px;\n      text-transform:uppercase;\n    }\n\n    #sv-santo-caliz-napoleon h1{\n      margin:0 0 20px;\n      color:var(--sv-dark);\n      font-size:38px;\n      line-height:1.15;\n      font-weight:700;\n    }\n\n    #sv-santo-caliz-napoleon .sv-intro{\n      margin:0 0 28px;\n      padding-left:20px;\n      border-left:4px solid var(--sv-gold);\n      color:#4d453c;\n      font-size:20px;\n      line-height:1.65;\n    }\n\n    #sv-santo-caliz-napoleon h2{\n      margin:34px 0 12px;\n      color:var(--sv-dark);\n      font-size:25px;\n      line-height:1.3;\n    }\n\n    #sv-santo-caliz-napoleon p{\n      margin:0 0 19px;\n      font-size:17px;\n      line-height:1.75;\n    }\n\n    #sv-santo-caliz-napoleon .sv-location{\n      margin-top:32px;\n      padding:24px;\n      border-radius:12px;\n      background:#f2ede3;\n      border:1px solid #ddd1b9;\n    }\n\n    #sv-santo-caliz-napoleon .sv-location h2{\n      margin:0 0 10px;\n      font-size:22px;\n    }\n\n    #sv-santo-caliz-napoleon .sv-location p{\n      margin:0;\n    }\n\n    #sv-santo-caliz-napoleon .sv-button{\n      display:inline-block;\n      margin-top:18px;\n      padding:13px 21px;\n      border-radius:7px;\n      background:var(--sv-gold);\n      color:#fff;\n      font-size:15px;\n      font-weight:700;\n      text-decoration:none;\n      transition:background .2s ease;\n    }\n\n    #sv-santo-caliz-napoleon .sv-button:hover{\n      background:#76571e;\n      color:#fff;\n    }\n\n    #sv-santo-caliz-napoleon .sv-source{\n      margin-top:34px;\n      padding-top:18px;\n      border-top:1px solid #e1ddd5;\n      color:var(--sv-muted);\n      font-size:12px;\n      line-height:1.6;\n    }\n\n    @media (max-width:700px){\n      #sv-santo-caliz-napoleon{\n        padding:20px 12px;\n      }\n\n      #sv-santo-caliz-napoleon .sv-content{\n        padding:27px 22px 32px;\n      }\n\n      #sv-santo-caliz-napoleon h1{\n        font-size:29px;\n      }\n\n      #sv-santo-caliz-napoleon .sv-intro{\n        font-size:18px;\n      }\n\n      #sv-santo-caliz-napoleon h2{\n        font-size:23px;\n      }\n\n      #sv-santo-caliz-napoleon p{\n        font-size:16px;\n      }\n    }\n  <\/style>\n\n  <article class=\"sv-container\">\n\n    <figure class=\"sv-image\">\n      <img decoding=\"async\"\n        src=\"https:\/\/secretvalencia.com\/wp-content\/uploads\/2026\/09\/Valencia_cathedral_2022_-_holy_chalice.jpg\"\n        alt=\"Het Santo C\u00e1liz in de kathedraal van Valencia\"\n        loading=\"eager\"\n      >\n      <figcaption class=\"sv-caption\">\n        Het Santo C\u00e1liz in de kathedraal van Valencia. Foto: Fernando Pascullo\/Wikimedia Commons \u2013 CC BY-SA 4.0.\n      <\/figcaption>\n    <\/figure>\n\n    <div class=\"sv-content\">\n\n      <span class=\"sv-label\">Geschiedenis van Valencia<\/span>\n\n      <h1>Het Santo C\u00e1liz van Valencia: de Heilige Kelk die aan Napoleon ontsnapte<\/h1>\n\n      <p class=\"sv-intro\">\n        In de kathedraal van Valencia wordt een van de bijzonderste religieuze voorwerpen ter wereld bewaard. Het Santo C\u00e1liz overleefde oorlog, plundering en zelfs een schipbreuk.\n      <\/p>\n\n      <h2>De kelk van het Laatste Avondmaal<\/h2>\n\n      <p>\n        Volgens de christelijke traditie zou Jezus deze kelk hebben gebruikt tijdens het Laatste Avondmaal. Op de avond voor zijn kruisiging deelde hij met zijn apostelen brood en wijn. Binnen het christendom vormt deze gebeurtenis de oorsprong van de eucharistie, waarin het leven, het offer en de boodschap van Jezus worden herdacht.\n      <\/p>\n\n      <p>\n        Voor veel gelovigen is het Santo C\u00e1liz daarom meer dan een kostbaar historisch voorwerp. De kelk staat symbool voor verbondenheid, opoffering, vergeving en hoop. Hij wordt bovendien vaak in verband gebracht met de legendarische Heilige Graal, waarnaar ridders volgens middeleeuwse verhalen eeuwenlang zouden hebben gezocht.\n      <\/p>\n\n      <p>\n        Of dit werkelijk de kelk is die Jezus gebruikte, kan niet onomstotelijk worden bewezen. Wel staat vast dat het bovenste gedeelte een zeer oude drinkbeker van agaat is, afkomstig uit het Midden-Oosten. De rijkversierde voet en de gouden handvatten werden pas eeuwen later toegevoegd.\n      <\/p>\n\n      <h2>Een enorme plundering<\/h2>\n\n      <p>\n        Tijdens de invasie van Spanje door de troepen van Napoleon dreigde ook deze bijzondere schat verloren te gaan. Het Franse leger plunderde kerken, kloosters, paleizen en zelfs koninklijke graven. Kunstwerken, goud, zilver en religieuze voorwerpen werden meegenomen of omgesmolten.\n      <\/p>\n\n      <p>\n        Volgens de Spaanse historicus Francisco Garc\u00eda del Junco behoorden de Napoleontische kunstroven in Spanje tot de grootste plunderingen uit de geschiedenis, vergelijkbaar met de grootschalige kunstroof tijdens de Tweede Wereldoorlog.\n      <\/p>\n\n      <h2>Verborgen in een kleine kist<\/h2>\n\n      <p>\n        Om het Santo C\u00e1liz uit handen van de Fransen te houden, werd het vanuit Valencia eerst naar Alicante en vervolgens over zee naar Ibiza gebracht. De kelk reisde verborgen in een kleine kist, samen met tientallen andere kisten met waardevolle bezittingen uit de kathedraal.\n      <\/p>\n\n      <p>\n        Tijdens de overtocht kwamen de schepen in een zware storm terecht en leden zij schipbreuk. Van de ongeveer zestig kisten konden er slechts twee\u00ebntwintig worden gered. Wonder boven wonder bevond de kleine kist met het Santo C\u00e1liz zich tussen de geredde lading.\n      <\/p>\n\n      <h2>De moedige bewaker van de kelk<\/h2>\n\n      <p>\n        Een belangrijke rol bij de bescherming van de kelk was weggelegd voor de Valenciaanse priester Pedro Vicente Calbo, wiens naam ook als Calvo wordt geschreven. Hij vertrouwde vrijwel niemand en hield de plaats waar de relikwie verborgen lag strikt geheim.\n      <\/p>\n\n      <p>\n        Niemand mocht de kelk zonder zijn toestemming bewaken of verplaatsen. Wat destijds misschien als overdreven achterdocht werd beschouwd, bleek uiteindelijk de redding van een van de grootste schatten van Valencia.\n      <\/p>\n\n      <p>\n        Na jaren van omzwervingen, oorlog en gevaar keerde het Santo C\u00e1liz uiteindelijk veilig terug naar Valencia.\n      <\/p>\n\n      <div class=\"sv-location\">\n        <h2>Waar kun je het Santo C\u00e1liz bewonderen?<\/h2>\n\n        <p>\n          Het Santo C\u00e1liz wordt bewaard in de <em>Capilla del Santo C\u00e1liz<\/em>, de Kapel van de Heilige Kelk, in de kathedraal van Valencia. De kathedraal ligt in het historische centrum, tussen Plaza de la Reina en Plaza de la Virgen. De kelk bevindt zich achter beschermend glas, boven het altaar van de kapel.\n        <\/p>\n\n        <a\n          class=\"sv-button\"\n          href=\"https:\/\/maps.google.com\/?q=Catedral+de+Valencia\"\n          target=\"_blank\"\n          rel=\"noopener noreferrer\"\n        >\n          Bekijk de locatie op Google Maps\n        <\/a>\n      <\/div>\n\n      <p class=\"sv-source\">\n        Gebaseerd op historisch onderzoek van Francisco Garc\u00eda del Junco, auteur van het boek <em>Los robos de Napole\u00f3n en Espa\u00f1a<\/em>. Controleer voor een bezoek altijd de actuele openingstijden van de kathedraal.\n      <\/p>\n\n    <\/div>\n  <\/article>\n<\/section>\n","protected":false},"excerpt":{"rendered":"<p>Het Santo C\u00e1liz in de kathedraal van Valencia. Foto: Fernando Pascullo\/Wikimedia Commons \u2013 CC BY-SA 4.0. Geschiedenis van Valencia Het [&hellip;]<\/p>\n","protected":false},"author":2,"featured_media":4710,"comment_status":"closed","ping_status":"closed","sticky":false,"template":"","format":"standard","meta":{"_uag_custom_page_level_css":"","site-sidebar-layout":"default","site-content-layout":"","ast-site-content-layout":"default","site-content-style":"default","site-sidebar-style":"default","ast-global-header-display":"","ast-banner-title-visibility":"","ast-main-header-display":"","ast-hfb-above-header-display":"","ast-hfb-below-header-display":"","ast-hfb-mobile-header-display":"","site-post-title":"","ast-breadcrumbs-content":"","ast-featured-img":"","footer-sml-layout":"","ast-disable-related-posts":"","theme-transparent-header-meta":"","adv-header-id-meta":"","stick-header-meta":"","header-above-stick-meta":"","header-main-stick-meta":"","header-below-stick-meta":"","astra-migrate-meta-layouts":"default","ast-page-background-enabled":"default","ast-page-background-meta":{"desktop":{"background-color":"var(--ast-global-color-5)","background-image":"","background-repeat":"repeat","background-position":"center center","background-size":"auto","background-attachment":"scroll","background-type":"","background-media":"","overlay-type":"","overlay-color":"","overlay-opacity":"","overlay-gradient":""},"tablet":{"background-color":"","background-image":"","background-repeat":"repeat","background-position":"center center","background-size":"auto","background-attachment":"scroll","background-type":"","background-media":"","overlay-type":"","overlay-color":"","overlay-opacity":"","overlay-gradient":""},"mobile":{"background-color":"","background-image":"","background-repeat":"repeat","background-position":"center center","background-size":"auto","background-attachment":"scroll","background-type":"","background-media":"","overlay-type":"","overlay-color":"","overlay-opacity":"","overlay-gradient":""}},"ast-content-background-meta":{"desktop":{"background-color":"var(--ast-global-color-4)","background-image":"","background-repeat":"repeat","background-position":"center center","background-size":"auto","background-attachment":"scroll","background-type":"","background-media":"","overlay-type":"","overlay-color":"","overlay-opacity":"","overlay-gradient":""},"tablet":{"background-color":"var(--ast-global-color-4)","background-image":"","background-repeat":"repeat","background-position":"center center","background-size":"auto","background-attachment":"scroll","background-type":"","background-media":"","overlay-type":"","overlay-color":"","overlay-opacity":"","overlay-gradient":""},"mobile":{"background-color":"var(--ast-global-color-4)","background-image":"","background-repeat":"repeat","background-position":"center center","background-size":"auto","background-attachment":"scroll","background-type":"","background-media":"","overlay-type":"","overlay-color":"","overlay-opacity":"","overlay-gradient":""}},"_joinchat":[],"footnotes":""},"categories":[138,144,1],"tags":[],"class_list":["post-4708","post","type-post","status-publish","format-standard","has-post-thumbnail","hentry","category-138","category-144","category-uncategorized"],"featured_image_urls_v2":{"full":["https:\/\/pobladefarnals.com\/nl\/wp-content\/uploads\/sites\/4\/2026\/09\/Valencia_cathedral_2022_-_holy_chalice.jpg",960,1200,false],"thumbnail":["https:\/\/pobladefarnals.com\/nl\/wp-content\/uploads\/sites\/4\/2026\/09\/Valencia_cathedral_2022_-_holy_chalice-150x150.jpg",150,150,true],"medium":["https:\/\/pobladefarnals.com\/nl\/wp-content\/uploads\/sites\/4\/2026\/09\/Valencia_cathedral_2022_-_holy_chalice-240x300.jpg",240,300,true],"medium_large":["https:\/\/pobladefarnals.com\/nl\/wp-content\/uploads\/sites\/4\/2026\/09\/Valencia_cathedral_2022_-_holy_chalice-768x960.jpg",768,960,true],"large":["https:\/\/pobladefarnals.com\/nl\/wp-content\/uploads\/sites\/4\/2026\/09\/Valencia_cathedral_2022_-_holy_chalice-819x1024.jpg",819,1024,true],"1536x1536":["https:\/\/pobladefarnals.com\/nl\/wp-content\/uploads\/sites\/4\/2026\/09\/Valencia_cathedral_2022_-_holy_chalice.jpg",960,1200,false],"2048x2048":["https:\/\/pobladefarnals.com\/nl\/wp-content\/uploads\/sites\/4\/2026\/09\/Valencia_cathedral_2022_-_holy_chalice.jpg",960,1200,false],"gb-block-post-grid-landscape":["https:\/\/pobladefarnals.com\/nl\/wp-content\/uploads\/sites\/4\/2026\/09\/Valencia_cathedral_2022_-_holy_chalice-600x400.jpg",600,400,true],"gb-block-post-grid-square":["https:\/\/pobladefarnals.com\/nl\/wp-content\/uploads\/sites\/4\/2026\/09\/Valencia_cathedral_2022_-_holy_chalice-600x600.jpg",600,600,true]},"post_excerpt_stackable_v2":"<p>Het Santo C\u00e1liz in de kathedraal van Valencia. Foto: Fernando Pascullo\/Wikimedia Commons \u2013 CC BY-SA 4.0. Geschiedenis van Valencia Het Santo C\u00e1liz van Valencia: de Heilige Kelk die aan Napoleon ontsnapte In de kathedraal van Valencia wordt een van de bijzonderste religieuze voorwerpen ter wereld bewaard. Het Santo C\u00e1liz overleefde oorlog, plundering en zelfs een schipbreuk. De kelk van het Laatste Avondmaal Volgens de christelijke traditie zou Jezus deze kelk hebben gebruikt tijdens het Laatste Avondmaal. Op de avond voor zijn kruisiging deelde hij met zijn apostelen brood en wijn. Binnen het christendom vormt deze gebeurtenis de oorsprong van de&hellip;<\/p>\n","category_list_v2":"<a href=\"https:\/\/pobladefarnals.com\/nl\/category\/2024\/\" rel=\"category tag\">2024<\/a>, <a href=\"https:\/\/pobladefarnals.com\/nl\/category\/2025\/\" rel=\"category tag\">2025<\/a>, <a href=\"https:\/\/pobladefarnals.com\/nl\/category\/uncategorized\/\" rel=\"category tag\">Uncategorized<\/a>","author_info_v2":{"name":"Redacci\u00f3n","url":"https:\/\/pobladefarnals.com\/nl\/author\/caseggermont\/"},"comments_num_v2":"0 reacties","yoast_head":"<!-- This site is optimized with the Yoast SEO plugin v28.4 - https:\/\/yoast.com\/product\/yoast-seo-wordpress\/ -->\n<title>Het Santo C\u00e1liz van Valencia: de Heilige Kelk die aan Napoleon ontsnapte - NL - Pobla de Farnals<\/title>\n<meta name=\"robots\" content=\"index, follow, max-snippet:-1, max-image-preview:large, max-video-preview:-1\" \/>\n<link rel=\"canonical\" href=\"https:\/\/pobladefarnals.com\/nl\/het-santo-caliz-van-valencia-de-heilige-kelk-die-aan-napoleon-ontsnapte\/\" \/>\n<meta property=\"og:locale\" content=\"nl_NL\" \/>\n<meta property=\"og:type\" content=\"article\" \/>\n<meta property=\"og:title\" content=\"Het Santo C\u00e1liz van Valencia: de Heilige Kelk die aan Napoleon ontsnapte - NL - Pobla de Farnals\" \/>\n<meta property=\"og:description\" content=\"Het Santo C\u00e1liz in de kathedraal van Valencia. Foto: Fernando Pascullo\/Wikimedia Commons \u2013 CC BY-SA 4.0. Geschiedenis van Valencia Het [&hellip;]\" \/>\n<meta property=\"og:url\" content=\"https:\/\/pobladefarnals.com\/nl\/het-santo-caliz-van-valencia-de-heilige-kelk-die-aan-napoleon-ontsnapte\/\" \/>\n<meta property=\"og:site_name\" content=\"NL - Pobla de Farnals\" \/>\n<meta property=\"article:published_time\" content=\"2026-09-06T10:06:26+00:00\" \/>\n<meta property=\"article:modified_time\" content=\"2026-09-06T10:07:01+00:00\" \/>\n<meta property=\"og:image\" content=\"https:\/\/pobladefarnals.com\/nl\/wp-content\/uploads\/sites\/4\/2026\/09\/Valencia_cathedral_2022_-_holy_chalice.jpg\" \/>\n\t<meta property=\"og:image:width\" content=\"960\" \/>\n\t<meta property=\"og:image:height\" content=\"1200\" \/>\n\t<meta property=\"og:image:type\" content=\"image\/jpeg\" \/>\n<meta name=\"author\" content=\"Redacci\u00f3n\" \/>\n<meta name=\"twitter:card\" content=\"summary_large_image\" \/>\n<meta name=\"twitter:label1\" content=\"Geschreven door\" \/>\n\t<meta name=\"twitter:data1\" content=\"Redacci\u00f3n\" \/>\n\t<meta name=\"twitter:label2\" content=\"Geschatte leestijd\" \/>\n\t<meta name=\"twitter:data2\" content=\"4 minuten\" \/>\n<script type=\"application\/ld+json\" class=\"yoast-schema-graph\">{\"@context\":\"https:\\\/\\\/schema.org\",\"@graph\":[{\"@type\":\"Article\",\"@id\":\"https:\\\/\\\/pobladefarnals.com\\\/nl\\\/het-santo-caliz-van-valencia-de-heilige-kelk-die-aan-napoleon-ontsnapte\\\/#article\",\"isPartOf\":{\"@id\":\"https:\\\/\\\/pobladefarnals.com\\\/nl\\\/het-santo-caliz-van-valencia-de-heilige-kelk-die-aan-napoleon-ontsnapte\\\/\"},\"author\":{\"name\":\"Redacci\u00f3n\",\"@id\":\"https:\\\/\\\/pobladefarnals.com\\\/nl\\\/#\\\/schema\\\/person\\\/c31f147ece5d3233b4f5a2f31a771ff2\"},\"headline\":\"Het Santo C\u00e1liz van Valencia: de Heilige Kelk die aan Napoleon ontsnapte\",\"datePublished\":\"2026-09-06T10:06:26+00:00\",\"dateModified\":\"2026-09-06T10:07:01+00:00\",\"mainEntityOfPage\":{\"@id\":\"https:\\\/\\\/pobladefarnals.com\\\/nl\\\/het-santo-caliz-van-valencia-de-heilige-kelk-die-aan-napoleon-ontsnapte\\\/\"},\"wordCount\":579,\"publisher\":{\"@id\":\"https:\\\/\\\/pobladefarnals.com\\\/nl\\\/#organization\"},\"image\":{\"@id\":\"https:\\\/\\\/pobladefarnals.com\\\/nl\\\/het-santo-caliz-van-valencia-de-heilige-kelk-die-aan-napoleon-ontsnapte\\\/#primaryimage\"},\"thumbnailUrl\":\"https:\\\/\\\/pobladefarnals.com\\\/nl\\\/wp-content\\\/uploads\\\/sites\\\/4\\\/2026\\\/09\\\/Valencia_cathedral_2022_-_holy_chalice.jpg\",\"articleSection\":[\"2024\",\"2025\",\"Uncategorized\"],\"inLanguage\":\"nl-NL\"},{\"@type\":\"WebPage\",\"@id\":\"https:\\\/\\\/pobladefarnals.com\\\/nl\\\/het-santo-caliz-van-valencia-de-heilige-kelk-die-aan-napoleon-ontsnapte\\\/\",\"url\":\"https:\\\/\\\/pobladefarnals.com\\\/nl\\\/het-santo-caliz-van-valencia-de-heilige-kelk-die-aan-napoleon-ontsnapte\\\/\",\"name\":\"Het Santo C\u00e1liz van Valencia: de Heilige Kelk die aan Napoleon ontsnapte - NL - Pobla de Farnals\",\"isPartOf\":{\"@id\":\"https:\\\/\\\/pobladefarnals.com\\\/nl\\\/#website\"},\"primaryImageOfPage\":{\"@id\":\"https:\\\/\\\/pobladefarnals.com\\\/nl\\\/het-santo-caliz-van-valencia-de-heilige-kelk-die-aan-napoleon-ontsnapte\\\/#primaryimage\"},\"image\":{\"@id\":\"https:\\\/\\\/pobladefarnals.com\\\/nl\\\/het-santo-caliz-van-valencia-de-heilige-kelk-die-aan-napoleon-ontsnapte\\\/#primaryimage\"},\"thumbnailUrl\":\"https:\\\/\\\/pobladefarnals.com\\\/nl\\\/wp-content\\\/uploads\\\/sites\\\/4\\\/2026\\\/09\\\/Valencia_cathedral_2022_-_holy_chalice.jpg\",\"datePublished\":\"2026-09-06T10:06:26+00:00\",\"dateModified\":\"2026-09-06T10:07:01+00:00\",\"breadcrumb\":{\"@id\":\"https:\\\/\\\/pobladefarnals.com\\\/nl\\\/het-santo-caliz-van-valencia-de-heilige-kelk-die-aan-napoleon-ontsnapte\\\/#breadcrumb\"},\"inLanguage\":\"nl-NL\",\"potentialAction\":[{\"@type\":\"ReadAction\",\"target\":[\"https:\\\/\\\/pobladefarnals.com\\\/nl\\\/het-santo-caliz-van-valencia-de-heilige-kelk-die-aan-napoleon-ontsnapte\\\/\"]}]},{\"@type\":\"ImageObject\",\"inLanguage\":\"nl-NL\",\"@id\":\"https:\\\/\\\/pobladefarnals.com\\\/nl\\\/het-santo-caliz-van-valencia-de-heilige-kelk-die-aan-napoleon-ontsnapte\\\/#primaryimage\",\"url\":\"https:\\\/\\\/pobladefarnals.com\\\/nl\\\/wp-content\\\/uploads\\\/sites\\\/4\\\/2026\\\/09\\\/Valencia_cathedral_2022_-_holy_chalice.jpg\",\"contentUrl\":\"https:\\\/\\\/pobladefarnals.com\\\/nl\\\/wp-content\\\/uploads\\\/sites\\\/4\\\/2026\\\/09\\\/Valencia_cathedral_2022_-_holy_chalice.jpg\",\"width\":960,\"height\":1200},{\"@type\":\"BreadcrumbList\",\"@id\":\"https:\\\/\\\/pobladefarnals.com\\\/nl\\\/het-santo-caliz-van-valencia-de-heilige-kelk-die-aan-napoleon-ontsnapte\\\/#breadcrumb\",\"itemListElement\":[{\"@type\":\"ListItem\",\"position\":1,\"name\":\"Home\",\"item\":\"https:\\\/\\\/pobladefarnals.com\\\/nl\\\/\"},{\"@type\":\"ListItem\",\"position\":2,\"name\":\"Het Santo C\u00e1liz van Valencia: de Heilige Kelk die aan Napoleon ontsnapte\"}]},{\"@type\":\"WebSite\",\"@id\":\"https:\\\/\\\/pobladefarnals.com\\\/nl\\\/#website\",\"url\":\"https:\\\/\\\/pobladefarnals.com\\\/nl\\\/\",\"name\":\"NL - Pobla de Farnals\",\"description\":\"\",\"publisher\":{\"@id\":\"https:\\\/\\\/pobladefarnals.com\\\/nl\\\/#organization\"},\"potentialAction\":[{\"@type\":\"SearchAction\",\"target\":{\"@type\":\"EntryPoint\",\"urlTemplate\":\"https:\\\/\\\/pobladefarnals.com\\\/nl\\\/?s={search_term_string}\"},\"query-input\":{\"@type\":\"PropertyValueSpecification\",\"valueRequired\":true,\"valueName\":\"search_term_string\"}}],\"inLanguage\":\"nl-NL\"},{\"@type\":\"Organization\",\"@id\":\"https:\\\/\\\/pobladefarnals.com\\\/nl\\\/#organization\",\"name\":\"NL - Pobla de Farnals\",\"url\":\"https:\\\/\\\/pobladefarnals.com\\\/nl\\\/\",\"logo\":{\"@type\":\"ImageObject\",\"inLanguage\":\"nl-NL\",\"@id\":\"https:\\\/\\\/pobladefarnals.com\\\/nl\\\/#\\\/schema\\\/logo\\\/image\\\/\",\"url\":\"https:\\\/\\\/pobladefarnals.com\\\/nl\\\/wp-content\\\/uploads\\\/sites\\\/4\\\/2022\\\/05\\\/cropped-logo222.png\",\"contentUrl\":\"https:\\\/\\\/pobladefarnals.com\\\/nl\\\/wp-content\\\/uploads\\\/sites\\\/4\\\/2022\\\/05\\\/cropped-logo222.png\",\"width\":512,\"height\":512,\"caption\":\"NL - Pobla de Farnals\"},\"image\":{\"@id\":\"https:\\\/\\\/pobladefarnals.com\\\/nl\\\/#\\\/schema\\\/logo\\\/image\\\/\"}},{\"@type\":\"Person\",\"@id\":\"https:\\\/\\\/pobladefarnals.com\\\/nl\\\/#\\\/schema\\\/person\\\/c31f147ece5d3233b4f5a2f31a771ff2\",\"name\":\"Redacci\u00f3n\",\"url\":\"https:\\\/\\\/pobladefarnals.com\\\/nl\\\/author\\\/caseggermont\\\/\"}]}<\/script>\n<!-- \/ Yoast SEO plugin. -->","yoast_head_json":{"title":"Het Santo C\u00e1liz van Valencia: de Heilige Kelk die aan Napoleon ontsnapte - NL - Pobla de Farnals","robots":{"index":"index","follow":"follow","max-snippet":"max-snippet:-1","max-image-preview":"max-image-preview:large","max-video-preview":"max-video-preview:-1"},"canonical":"https:\/\/pobladefarnals.com\/nl\/het-santo-caliz-van-valencia-de-heilige-kelk-die-aan-napoleon-ontsnapte\/","og_locale":"nl_NL","og_type":"article","og_title":"Het Santo C\u00e1liz van Valencia: de Heilige Kelk die aan Napoleon ontsnapte - NL - Pobla de Farnals","og_description":"Het Santo C\u00e1liz in de kathedraal van Valencia. Foto: Fernando Pascullo\/Wikimedia Commons \u2013 CC BY-SA 4.0. Geschiedenis van Valencia Het [&hellip;]","og_url":"https:\/\/pobladefarnals.com\/nl\/het-santo-caliz-van-valencia-de-heilige-kelk-die-aan-napoleon-ontsnapte\/","og_site_name":"NL - Pobla de Farnals","article_published_time":"2026-09-06T10:06:26+00:00","article_modified_time":"2026-09-06T10:07:01+00:00","og_image":[{"width":960,"height":1200,"url":"https:\/\/pobladefarnals.com\/nl\/wp-content\/uploads\/sites\/4\/2026\/09\/Valencia_cathedral_2022_-_holy_chalice.jpg","type":"image\/jpeg"}],"author":"Redacci\u00f3n","twitter_card":"summary_large_image","twitter_misc":{"Geschreven door":"Redacci\u00f3n","Geschatte leestijd":"4 minuten"},"schema":{"@context":"https:\/\/schema.org","@graph":[{"@type":"Article","@id":"https:\/\/pobladefarnals.com\/nl\/het-santo-caliz-van-valencia-de-heilige-kelk-die-aan-napoleon-ontsnapte\/#article","isPartOf":{"@id":"https:\/\/pobladefarnals.com\/nl\/het-santo-caliz-van-valencia-de-heilige-kelk-die-aan-napoleon-ontsnapte\/"},"author":{"name":"Redacci\u00f3n","@id":"https:\/\/pobladefarnals.com\/nl\/#\/schema\/person\/c31f147ece5d3233b4f5a2f31a771ff2"},"headline":"Het Santo C\u00e1liz van Valencia: de Heilige Kelk die aan Napoleon ontsnapte","datePublished":"2026-09-06T10:06:26+00:00","dateModified":"2026-09-06T10:07:01+00:00","mainEntityOfPage":{"@id":"https:\/\/pobladefarnals.com\/nl\/het-santo-caliz-van-valencia-de-heilige-kelk-die-aan-napoleon-ontsnapte\/"},"wordCount":579,"publisher":{"@id":"https:\/\/pobladefarnals.com\/nl\/#organization"},"image":{"@id":"https:\/\/pobladefarnals.com\/nl\/het-santo-caliz-van-valencia-de-heilige-kelk-die-aan-napoleon-ontsnapte\/#primaryimage"},"thumbnailUrl":"https:\/\/pobladefarnals.com\/nl\/wp-content\/uploads\/sites\/4\/2026\/09\/Valencia_cathedral_2022_-_holy_chalice.jpg","articleSection":["2024","2025","Uncategorized"],"inLanguage":"nl-NL"},{"@type":"WebPage","@id":"https:\/\/pobladefarnals.com\/nl\/het-santo-caliz-van-valencia-de-heilige-kelk-die-aan-napoleon-ontsnapte\/","url":"https:\/\/pobladefarnals.com\/nl\/het-santo-caliz-van-valencia-de-heilige-kelk-die-aan-napoleon-ontsnapte\/","name":"Het Santo C\u00e1liz van Valencia: de Heilige Kelk die aan Napoleon ontsnapte - NL - Pobla de Farnals","isPartOf":{"@id":"https:\/\/pobladefarnals.com\/nl\/#website"},"primaryImageOfPage":{"@id":"https:\/\/pobladefarnals.com\/nl\/het-santo-caliz-van-valencia-de-heilige-kelk-die-aan-napoleon-ontsnapte\/#primaryimage"},"image":{"@id":"https:\/\/pobladefarnals.com\/nl\/het-santo-caliz-van-valencia-de-heilige-kelk-die-aan-napoleon-ontsnapte\/#primaryimage"},"thumbnailUrl":"https:\/\/pobladefarnals.com\/nl\/wp-content\/uploads\/sites\/4\/2026\/09\/Valencia_cathedral_2022_-_holy_chalice.jpg","datePublished":"2026-09-06T10:06:26+00:00","dateModified":"2026-09-06T10:07:01+00:00","breadcrumb":{"@id":"https:\/\/pobladefarnals.com\/nl\/het-santo-caliz-van-valencia-de-heilige-kelk-die-aan-napoleon-ontsnapte\/#breadcrumb"},"inLanguage":"nl-NL","potentialAction":[{"@type":"ReadAction","target":["https:\/\/pobladefarnals.com\/nl\/het-santo-caliz-van-valencia-de-heilige-kelk-die-aan-napoleon-ontsnapte\/"]}]},{"@type":"ImageObject","inLanguage":"nl-NL","@id":"https:\/\/pobladefarnals.com\/nl\/het-santo-caliz-van-valencia-de-heilige-kelk-die-aan-napoleon-ontsnapte\/#primaryimage","url":"https:\/\/pobladefarnals.com\/nl\/wp-content\/uploads\/sites\/4\/2026\/09\/Valencia_cathedral_2022_-_holy_chalice.jpg","contentUrl":"https:\/\/pobladefarnals.com\/nl\/wp-content\/uploads\/sites\/4\/2026\/09\/Valencia_cathedral_2022_-_holy_chalice.jpg","width":960,"height":1200},{"@type":"BreadcrumbList","@id":"https:\/\/pobladefarnals.com\/nl\/het-santo-caliz-van-valencia-de-heilige-kelk-die-aan-napoleon-ontsnapte\/#breadcrumb","itemListElement":[{"@type":"ListItem","position":1,"name":"Home","item":"https:\/\/pobladefarnals.com\/nl\/"},{"@type":"ListItem","position":2,"name":"Het Santo C\u00e1liz van Valencia: de Heilige Kelk die aan Napoleon ontsnapte"}]},{"@type":"WebSite","@id":"https:\/\/pobladefarnals.com\/nl\/#website","url":"https:\/\/pobladefarnals.com\/nl\/","name":"NL - Pobla de Farnals","description":"","publisher":{"@id":"https:\/\/pobladefarnals.com\/nl\/#organization"},"potentialAction":[{"@type":"SearchAction","target":{"@type":"EntryPoint","urlTemplate":"https:\/\/pobladefarnals.com\/nl\/?s={search_term_string}"},"query-input":{"@type":"PropertyValueSpecification","valueRequired":true,"valueName":"search_term_string"}}],"inLanguage":"nl-NL"},{"@type":"Organization","@id":"https:\/\/pobladefarnals.com\/nl\/#organization","name":"NL - Pobla de Farnals","url":"https:\/\/pobladefarnals.com\/nl\/","logo":{"@type":"ImageObject","inLanguage":"nl-NL","@id":"https:\/\/pobladefarnals.com\/nl\/#\/schema\/logo\/image\/","url":"https:\/\/pobladefarnals.com\/nl\/wp-content\/uploads\/sites\/4\/2022\/05\/cropped-logo222.png","contentUrl":"https:\/\/pobladefarnals.com\/nl\/wp-content\/uploads\/sites\/4\/2022\/05\/cropped-logo222.png","width":512,"height":512,"caption":"NL - Pobla de Farnals"},"image":{"@id":"https:\/\/pobladefarnals.com\/nl\/#\/schema\/logo\/image\/"}},{"@type":"Person","@id":"https:\/\/pobladefarnals.com\/nl\/#\/schema\/person\/c31f147ece5d3233b4f5a2f31a771ff2","name":"Redacci\u00f3n","url":"https:\/\/pobladefarnals.com\/nl\/author\/caseggermont\/"}]}},"featured_image_src":"https:\/\/pobladefarnals.com\/nl\/wp-content\/uploads\/sites\/4\/2026\/09\/Valencia_cathedral_2022_-_holy_chalice-600x400.jpg","featured_image_src_square":"https:\/\/pobladefarnals.com\/nl\/wp-content\/uploads\/sites\/4\/2026\/09\/Valencia_cathedral_2022_-_holy_chalice-600x600.jpg","author_info":{"display_name":"Redacci\u00f3n","author_link":"https:\/\/pobladefarnals.com\/nl\/author\/caseggermont\/"},"uagb_featured_image_src":{"full":["https:\/\/pobladefarnals.com\/nl\/wp-content\/uploads\/sites\/4\/2026\/09\/Valencia_cathedral_2022_-_holy_chalice.jpg",960,1200,false],"thumbnail":["https:\/\/pobladefarnals.com\/nl\/wp-content\/uploads\/sites\/4\/2026\/09\/Valencia_cathedral_2022_-_holy_chalice-150x150.jpg",150,150,true],"medium":["https:\/\/pobladefarnals.com\/nl\/wp-content\/uploads\/sites\/4\/2026\/09\/Valencia_cathedral_2022_-_holy_chalice-240x300.jpg",240,300,true],"medium_large":["https:\/\/pobladefarnals.com\/nl\/wp-content\/uploads\/sites\/4\/2026\/09\/Valencia_cathedral_2022_-_holy_chalice-768x960.jpg",768,960,true],"large":["https:\/\/pobladefarnals.com\/nl\/wp-content\/uploads\/sites\/4\/2026\/09\/Valencia_cathedral_2022_-_holy_chalice-819x1024.jpg",819,1024,true],"1536x1536":["https:\/\/pobladefarnals.com\/nl\/wp-content\/uploads\/sites\/4\/2026\/09\/Valencia_cathedral_2022_-_holy_chalice.jpg",960,1200,false],"2048x2048":["https:\/\/pobladefarnals.com\/nl\/wp-content\/uploads\/sites\/4\/2026\/09\/Valencia_cathedral_2022_-_holy_chalice.jpg",960,1200,false],"gb-block-post-grid-landscape":["https:\/\/pobladefarnals.com\/nl\/wp-content\/uploads\/sites\/4\/2026\/09\/Valencia_cathedral_2022_-_holy_chalice-600x400.jpg",600,400,true],"gb-block-post-grid-square":["https:\/\/pobladefarnals.com\/nl\/wp-content\/uploads\/sites\/4\/2026\/09\/Valencia_cathedral_2022_-_holy_chalice-600x600.jpg",600,600,true]},"uagb_author_info":{"display_name":"Redacci\u00f3n","author_link":"https:\/\/pobladefarnals.com\/nl\/author\/caseggermont\/"},"uagb_comment_info":0,"uagb_excerpt":"Het Santo C\u00e1liz in de kathedraal van Valencia. Foto: Fernando Pascullo\/Wikimedia Commons \u2013 CC BY-SA 4.0. Geschiedenis van Valencia Het [&hellip;]","_links":{"self":[{"href":"https:\/\/pobladefarnals.com\/nl\/wp-json\/wp\/v2\/posts\/4708","targetHints":{"allow":["GET"]}}],"collection":[{"href":"https:\/\/pobladefarnals.com\/nl\/wp-json\/wp\/v2\/posts"}],"about":[{"href":"https:\/\/pobladefarnals.com\/nl\/wp-json\/wp\/v2\/types\/post"}],"author":[{"embeddable":true,"href":"https:\/\/pobladefarnals.com\/nl\/wp-json\/wp\/v2\/users\/2"}],"replies":[{"embeddable":true,"href":"https:\/\/pobladefarnals.com\/nl\/wp-json\/wp\/v2\/comments?post=4708"}],"version-history":[{"count":2,"href":"https:\/\/pobladefarnals.com\/nl\/wp-json\/wp\/v2\/posts\/4708\/revisions"}],"predecessor-version":[{"id":4711,"href":"https:\/\/pobladefarnals.com\/nl\/wp-json\/wp\/v2\/posts\/4708\/revisions\/4711"}],"wp:featuredmedia":[{"embeddable":true,"href":"https:\/\/pobladefarnals.com\/nl\/wp-json\/wp\/v2\/media\/4710"}],"wp:attachment":[{"href":"https:\/\/pobladefarnals.com\/nl\/wp-json\/wp\/v2\/media?parent=4708"}],"wp:term":[{"taxonomy":"category","embeddable":true,"href":"https:\/\/pobladefarnals.com\/nl\/wp-json\/wp\/v2\/categories?post=4708"},{"taxonomy":"post_tag","embeddable":true,"href":"https:\/\/pobladefarnals.com\/nl\/wp-json\/wp\/v2\/tags?post=4708"}],"curies":[{"name":"wp","href":"https:\/\/api.w.org\/{rel}","templated":true}]}}